{"id":4,"date":"2023-06-24T13:08:27","date_gmt":"2023-06-24T16:08:27","guid":{"rendered":"http:\/\/centroopticopaulista.com\/index.php\/2023\/06\/24\/descubra-as-ultimas-tendencias-em-oculos-de-sol\/"},"modified":"2023-06-24T13:08:27","modified_gmt":"2023-06-24T16:08:27","slug":"descubra-as-ultimas-tendencias-em-oculos-de-sol","status":"publish","type":"post","link":"https:\/\/centroopticopaulista.com\/index.php\/2023\/06\/24\/descubra-as-ultimas-tendencias-em-oculos-de-sol\/","title":{"rendered":"Descubra as \u00faltimas tend\u00eancias em \u00f3culos de sol!"},"content":{"rendered":"<h2>Fique por dentro das \u00faltimas tend\u00eancias em \u00f3culos de sol<\/h2>\n<p>Voc\u00ea sabia que os \u00f3culos de sol n\u00e3o s\u00e3o apenas uma prote\u00e7\u00e3o para os seus olhos, mas tamb\u00e9m um acess\u00f3rio de moda indispens\u00e1vel? Na nossa empresa de varejo do ramo \u00f3ptico, estamos sempre atualizados sobre as \u00faltimas tend\u00eancias em \u00f3culos de sol para que voc\u00ea possa arrasar nas esta\u00e7\u00f5es mais quentes do ano!<\/p>\n<p>Uma das principais tend\u00eancias deste ano s\u00e3o os \u00f3culos de sol com lentes coloridas. Seja em tons pastel, neon ou at\u00e9 mesmo espelhadas, as lentes coloridas d\u00e3o um toque de personalidade ao seu look e s\u00e3o perfeitas para aqueles dias ensolarados na praia ou na cidade. Combine com um biqu\u00edni estiloso ou com um vestido de ver\u00e3o e voc\u00ea estar\u00e1 pronta para arrasar!<\/p>\n<h2>Aposte nos \u00f3culos de sol com arma\u00e7\u00e3o diferenciada<\/h2>\n<p>Outra tend\u00eancia que est\u00e1 em alta s\u00e3o os \u00f3culos de sol com arma\u00e7\u00f5es diferenciadas. Esque\u00e7a os modelos tradicionais e opte por formatos mais ousados, como arma\u00e7\u00f5es geom\u00e9tricas, redondas ou gatinho. Esses modelos s\u00e3o ideais para quem busca um visual moderno e fashionista.<\/p>\n<p>Al\u00e9m disso, os \u00f3culos de sol com arma\u00e7\u00f5es transparentes tamb\u00e9m est\u00e3o super em alta. Eles s\u00e3o vers\u00e1teis e combinam com qualquer estilo, al\u00e9m de serem perfeitos para dar destaque \u00e0s lentes coloridas. N\u00e3o tenha medo de ousar e experimentar diferentes modelos para encontrar o que mais combina com voc\u00ea!<\/p>\n<h2>Cuide da sua sa\u00fade ocular com estilo<\/h2>\n<p>Al\u00e9m de seguir as \u00faltimas tend\u00eancias da moda, \u00e9 importante lembrar que os \u00f3culos de sol tamb\u00e9m s\u00e3o essenciais para a prote\u00e7\u00e3o dos seus olhos contra os raios solares prejudiciais. Na nossa empresa de varejo do ramo \u00f3ptico, voc\u00ea encontra uma ampla variedade de \u00f3culos de sol com prote\u00e7\u00e3o UV, garantindo que voc\u00ea esteja protegido(a) e estiloso(a) ao mesmo tempo!<\/p>\n<p>Aproveite a visita \u00e0 nossa loja para conferir os lan\u00e7amentos e as novidades em \u00f3culos de sol da temporada. Nossa equipe especializada ter\u00e1 prazer em ajud\u00e1-lo(a) a encontrar o modelo perfeito para o seu estilo e formato de rosto. N\u00e3o deixe de investir em um acess\u00f3rio que al\u00e9m de proteger sua sa\u00fade ocular, tamb\u00e9m pode transformar o seu look!<\/p>\n","protected":false},"excerpt":{"rendered":"<p>Fique por dentro das \u00faltimas tend\u00eancias em \u00f3culos de sol Voc\u00ea sabia que os \u00f3culos de sol n\u00e3o s\u00e3o apenas uma prote\u00e7\u00e3o para os seus olhos, mas tamb\u00e9m um acess\u00f3rio de moda indispens\u00e1vel? Na nossa empresa de varejo do ramo \u00f3ptico, estamos sempre atualizados sobre as \u00faltimas tend\u00eancias em \u00f3culos de sol para que voc\u00ea [&hellip;]<\/p>\n","protected":false},"author":1,"featured_media":0,"comment_status":"open","ping_status":"open","sticky":false,"template":"","format":"standard","meta":[],"categories":[1],"tags":[],"_links":{"self":[{"href":"https:\/\/centroopticopaulista.com\/index.php\/wp-json\/wp\/v2\/posts\/4"}],"collection":[{"href":"https:\/\/centroopticopaulista.com\/index.php\/wp-json\/wp\/v2\/posts"}],"about":[{"href":"https:\/\/centroopticopaulista.com\/index.php\/wp-json\/wp\/v2\/types\/post"}],"author":[{"embeddable":true,"href":"https:\/\/centroopticopaulista.com\/index.php\/wp-json\/wp\/v2\/users\/1"}],"replies":[{"embeddable":true,"href":"https:\/\/centroopticopaulista.com\/index.php\/wp-json\/wp\/v2\/comments?post=4"}],"version-history":[{"count":0,"href":"https:\/\/centroopticopaulista.com\/index.php\/wp-json\/wp\/v2\/posts\/4\/revisions"}],"wp:attachment":[{"href":"https:\/\/centroopticopaulista.com\/index.php\/wp-json\/wp\/v2\/media?parent=4"}],"wp:term":[{"taxonomy":"category","embeddable":true,"href":"https:\/\/centroopticopaulista.com\/index.php\/wp-json\/wp\/v2\/categories?post=4"},{"taxonomy":"post_tag","embeddable":true,"href":"https:\/\/centroopticopaulista.com\/index.php\/wp-json\/wp\/v2\/tags?post=4"}],"curies":[{"name":"wp","href":"https:\/\/api.w.org\/{rel}","templated":true}]}}