{"id":6,"date":"2023-06-24T13:08:52","date_gmt":"2023-06-24T16:08:52","guid":{"rendered":"http:\/\/centroopticopaulista.com\/index.php\/2023\/06\/24\/descubra-as-ultimas-tendencias-em-oculos-de-sol-para-o-verao\/"},"modified":"2023-06-24T13:08:52","modified_gmt":"2023-06-24T16:08:52","slug":"descubra-as-ultimas-tendencias-em-oculos-de-sol-para-o-verao","status":"publish","type":"post","link":"https:\/\/centroopticopaulista.com\/index.php\/2023\/06\/24\/descubra-as-ultimas-tendencias-em-oculos-de-sol-para-o-verao\/","title":{"rendered":"Descubra as \u00faltimas tend\u00eancias em \u00f3culos de sol para o ver\u00e3o"},"content":{"rendered":"<h2>Proteja seus olhos com estilo nesta temporada de ver\u00e3o<\/h2>\n<p>O ver\u00e3o est\u00e1 chegando e nada melhor do que aproveitar o sol com um par de \u00f3culos de sol estilosos. Na nossa loja, voc\u00ea encontrar\u00e1 as \u00faltimas tend\u00eancias em \u00f3culos de sol que ir\u00e3o proteger seus olhos dos raios UV prejudiciais, al\u00e9m de adicionar um toque de estilo ao seu look.<\/p>\n<p>Com uma ampla variedade de marcas e estilos para escolher, temos certeza de que voc\u00ea encontrar\u00e1 o par perfeito para combinar com seu estilo pessoal. Nossos \u00f3culos de sol s\u00e3o fabricados com materiais de alta qualidade e lentes polarizadas, garantindo uma vis\u00e3o clara e livre de reflexos inc\u00f4modos.<\/p>\n<h3>Estilos em destaque para esta temporada<\/h3>\n<p>Este ano, os \u00f3culos de sol com arma\u00e7\u00e3o de acetato est\u00e3o em alta. Com uma apar\u00eancia retr\u00f4 e elegante, eles s\u00e3o perfeitos para adicionar um toque de sofistica\u00e7\u00e3o ao seu visual. Al\u00e9m disso, as arma\u00e7\u00f5es transparentes tamb\u00e9m est\u00e3o em destaque, proporcionando um visual moderno e minimalista.<\/p>\n<p>Al\u00e9m disso, n\u00e3o podemos esquecer dos cl\u00e1ssicos \u00f3culos de sol com lentes espelhadas. Eles adicionam um toque de ousadia ao seu look e s\u00e3o ideais para dias ensolarados na praia ou na cidade.<\/p>\n<h3>Escolha o par perfeito para o seu formato de rosto<\/h3>\n<p>Na nossa loja, temos uma equipe especializada que pode ajud\u00e1-lo a encontrar o par de \u00f3culos de sol perfeito para o formato do seu rosto. Com diferentes estilos e formas dispon\u00edveis, \u00e9 importante encontrar o par que real\u00e7a seus tra\u00e7os faciais e se encaixa perfeitamente.<\/p>\n<p>Se voc\u00ea tem um rosto redondo, \u00f3culos de sol com arma\u00e7\u00f5es angulares ou quadradas s\u00e3o ideais para criar uma apar\u00eancia mais equilibrada. J\u00e1 para rostos mais angulares, \u00f3culos de sol com formas mais arredondadas s\u00e3o uma \u00f3tima op\u00e7\u00e3o para suavizar os tra\u00e7os.<\/p>\n<p>N\u00e3o deixe de visitar nossa loja e conferir nossa sele\u00e7\u00e3o de \u00f3culos de sol. Temos certeza de que voc\u00ea encontrar\u00e1 o par perfeito para aproveitar o ver\u00e3o com estilo e prote\u00e7\u00e3o para os olhos.<\/p>\n","protected":false},"excerpt":{"rendered":"<p>Proteja seus olhos com estilo nesta temporada de ver\u00e3o O ver\u00e3o est\u00e1 chegando e nada melhor do que aproveitar o sol com um par de \u00f3culos de sol estilosos. Na nossa loja, voc\u00ea encontrar\u00e1 as \u00faltimas tend\u00eancias em \u00f3culos de sol que ir\u00e3o proteger seus olhos dos raios UV prejudiciais, al\u00e9m de adicionar um toque [&hellip;]<\/p>\n","protected":false},"author":1,"featured_media":0,"comment_status":"open","ping_status":"open","sticky":false,"template":"","format":"standard","meta":[],"categories":[1],"tags":[],"_links":{"self":[{"href":"https:\/\/centroopticopaulista.com\/index.php\/wp-json\/wp\/v2\/posts\/6"}],"collection":[{"href":"https:\/\/centroopticopaulista.com\/index.php\/wp-json\/wp\/v2\/posts"}],"about":[{"href":"https:\/\/centroopticopaulista.com\/index.php\/wp-json\/wp\/v2\/types\/post"}],"author":[{"embeddable":true,"href":"https:\/\/centroopticopaulista.com\/index.php\/wp-json\/wp\/v2\/users\/1"}],"replies":[{"embeddable":true,"href":"https:\/\/centroopticopaulista.com\/index.php\/wp-json\/wp\/v2\/comments?post=6"}],"version-history":[{"count":0,"href":"https:\/\/centroopticopaulista.com\/index.php\/wp-json\/wp\/v2\/posts\/6\/revisions"}],"wp:attachment":[{"href":"https:\/\/centroopticopaulista.com\/index.php\/wp-json\/wp\/v2\/media?parent=6"}],"wp:term":[{"taxonomy":"category","embeddable":true,"href":"https:\/\/centroopticopaulista.com\/index.php\/wp-json\/wp\/v2\/categories?post=6"},{"taxonomy":"post_tag","embeddable":true,"href":"https:\/\/centroopticopaulista.com\/index.php\/wp-json\/wp\/v2\/tags?post=6"}],"curies":[{"name":"wp","href":"https:\/\/api.w.org\/{rel}","templated":true}]}}